{"id":900,"date":"2019-12-03T15:38:59","date_gmt":"2019-12-03T17:38:59","guid":{"rendered":"http:\/\/pesquisa.ufabc.edu.br\/macroamb\/?p=900"},"modified":"2019-12-03T15:38:59","modified_gmt":"2019-12-03T17:38:59","slug":"uma-conversa-entre-cientistas-jovens-e-empreendedores-sobre-o-relatorio-ipcc-1-5oc","status":"publish","type":"post","link":"https:\/\/pesquisa.ufabc.edu.br\/macroamb\/uma-conversa-entre-cientistas-jovens-e-empreendedores-sobre-o-relatorio-ipcc-1-5oc\/","title":{"rendered":"Uma conversa entre cientistas, jovens e empreendedores sobre o relat\u00f3rio IPCC 1.5\u00baC"},"content":{"rendered":"<p>No dia 9 de setembro de 2019 o Youth Climate Leaders (YCL) e o N\u00facleo de Apoio \u00e0 Pesquisa em Mudan\u00e7as Clim\u00e1ticas da USP (INCLINE) organizaram uma conversa entre\u00a0 cientistas, jovens e empreendedores com os co-autores e revisores brasileiros do relat\u00f3rio especial IPCC 1.5\u00baC. Neste evento discutiu-se como os pr\u00f3ximos anos ser\u00e3o cruciais para mantermos o aquecimento global em 1.5\u00baC. Ressaltou-se ainda que os impactos ser\u00e3o muito diferentes nos cen\u00e1rios de aquecimento global de 1.5\u00baC e de 2\u00baC (acima dos n\u00edveis pr\u00e9-industriais). O n\u00famero de pessoas em situa\u00e7\u00e3o de pobreza, vulner\u00e1veis e expostas, com risco de experimentar inseguran\u00e7a alimentar e de \u00e1gua e os impactos adversos \u00e0 sa\u00fade e perda econ\u00f4mica ser\u00e1 muito menor com o cen\u00e1rio de aquecimento global de mais baixa temperatura. O evento foi finalizado incentivando o desenvolvimento sustent\u00e1vel, as escolhas conscientes da nossa dieta, do meio de transporte e principalmente do maior esfor\u00e7o na divulga\u00e7\u00e3o dos trabalhos cient\u00edficos sobre mudan\u00e7as clim\u00e1ticas.<\/p>\n","protected":false},"excerpt":{"rendered":"<p>No dia 9 de setembro de 2019 o Youth Climate Leaders (YCL) e o N\u00facleo de Apoio \u00e0 Pesquisa em Mudan\u00e7as Clim\u00e1ticas da USP (INCLINE) organizaram uma conversa entre\u00a0 cientistas, jovens e empreendedores com os co-autores e revisores brasileiros do relat\u00f3rio especial IPCC 1.5\u00baC. Neste evento discutiu-se como os pr\u00f3ximos anos ser\u00e3o cruciais para mantermos<a class=\"read-more\" href=\"https:\/\/pesquisa.ufabc.edu.br\/macroamb\/uma-conversa-entre-cientistas-jovens-e-empreendedores-sobre-o-relatorio-ipcc-1-5oc\/\">Continue reading <i class=\"fal fa-angle-right\"><\/i><\/a><\/p>\n","protected":false},"author":4,"featured_media":0,"comment_status":"closed","ping_status":"closed","sticky":false,"template":"","format":"standard","meta":{"spay_email":"","jetpack_publicize_message":""},"categories":[34],"tags":[],"jetpack_featured_media_url":"","jetpack_publicize_connections":[],"jetpack_sharing_enabled":true,"jetpack_shortlink":"https:\/\/wp.me\/paRCEa-ew","jetpack-related-posts":[],"_links":{"self":[{"href":"https:\/\/pesquisa.ufabc.edu.br\/macroamb\/wp-json\/wp\/v2\/posts\/900"}],"collection":[{"href":"https:\/\/pesquisa.ufabc.edu.br\/macroamb\/wp-json\/wp\/v2\/posts"}],"about":[{"href":"https:\/\/pesquisa.ufabc.edu.br\/macroamb\/wp-json\/wp\/v2\/types\/post"}],"author":[{"embeddable":true,"href":"https:\/\/pesquisa.ufabc.edu.br\/macroamb\/wp-json\/wp\/v2\/users\/4"}],"replies":[{"embeddable":true,"href":"https:\/\/pesquisa.ufabc.edu.br\/macroamb\/wp-json\/wp\/v2\/comments?post=900"}],"version-history":[{"count":1,"href":"https:\/\/pesquisa.ufabc.edu.br\/macroamb\/wp-json\/wp\/v2\/posts\/900\/revisions"}],"predecessor-version":[{"id":901,"href":"https:\/\/pesquisa.ufabc.edu.br\/macroamb\/wp-json\/wp\/v2\/posts\/900\/revisions\/901"}],"wp:attachment":[{"href":"https:\/\/pesquisa.ufabc.edu.br\/macroamb\/wp-json\/wp\/v2\/media?parent=900"}],"wp:term":[{"taxonomy":"category","embeddable":true,"href":"https:\/\/pesquisa.ufabc.edu.br\/macroamb\/wp-json\/wp\/v2\/categories?post=900"},{"taxonomy":"post_tag","embeddable":true,"href":"https:\/\/pesquisa.ufabc.edu.br\/macroamb\/wp-json\/wp\/v2\/tags?post=900"}],"curies":[{"name":"wp","href":"https:\/\/api.w.org\/{rel}","templated":true}]}}